{"id":1180,"date":"2024-11-10T23:42:46","date_gmt":"2024-11-11T03:42:46","guid":{"rendered":"https:\/\/taiguey.net\/muestrakaribe\/?p=1180"},"modified":"2024-11-11T09:07:35","modified_gmt":"2024-11-11T13:07:35","slug":"muestra-karibe-abre-convocatoria-para-cineastas-del-caribe-y-su-diaspora-con-cine-de-no-ficcion-que-celebra-las-narrativas-caribenas","status":"publish","type":"post","link":"https:\/\/muestrakaribe.com\/index.php\/2024\/11\/10\/muestra-karibe-abre-convocatoria-para-cineastas-del-caribe-y-su-diaspora-con-cine-de-no-ficcion-que-celebra-las-narrativas-caribenas\/","title":{"rendered":"Muestra Karibe abre convocatoria para cineastas del Caribe y su di\u00e1spora con Cine de no ficci\u00f3n que celebra las narrativas caribe\u00f1as"},"content":{"rendered":"\n<p>La Muestra Karibe anuncia oficialmente el lanzamiento de su convocatoria para cineastas del Caribe insular y sus di\u00e1sporas. Este evento, que se celebrar\u00e1 del <strong>6 al 9 de marzo de 2025<\/strong> en Santo Domingo, Rep\u00fablica Dominicana, se centra en la proyecci\u00f3n de producciones cinematogr\u00e1ficas independientes de no ficci\u00f3n, posicion\u00e1ndose como un punto de convergencia para las narrativas documentales de la regi\u00f3n.<\/p>\n\n\n\n<p>Muestra Karibe es una plataforma dedicada a la expansi\u00f3n y el acceso a nuestras historias documentales caribe\u00f1as, con el objetivo de celebrar y promover el reconocimiento de nuestras identidades compartidas.&nbsp;<\/p>\n\n\n\n<p>La Muestra Karibe es producida por <strong>Oggun Films<\/strong> con el financiamiento de <strong>Le Centre d&#8217;Art<\/strong> y el <strong>Caribbean Culture Fund (CCF)<\/strong>, la <strong>Direcci\u00f3n General de Cine (DGCINE), <\/strong>la<strong> Cinemateca Dominicana <\/strong>y el<strong> Centro Cultural Banreservas.<\/strong><\/p>\n\n\n\n<p><strong>La convocatoria<\/strong><\/p>\n\n\n\n<p>La Muestra Karibe busca seleccionar pel\u00edculas de cine de no ficci\u00f3n que reflejen la diversidad de experiencias, memorias y voces del Caribe insular y sus di\u00e1sporas. Se convoca a proyectos cuya propuesta explore una perspectiva identitaria caribe\u00f1a, fomente el reconocimiento de memorias compartidas y cuestione la colonialidad de los imaginarios desde una perspectiva caribe\u00f1a.<\/p>\n\n\n\n<p><strong>Para participar<\/strong><\/p>\n\n\n\n<p>Podr\u00e1n participar largometrajes de no ficci\u00f3n de al menos 60 minutos de duraci\u00f3n, realizados por cineastas profesionales o emergentes de Trinidad y Tobago, Jamaica, Cuba, Hait\u00ed, Puerto Rico y Rep\u00fablica Dominicana, as\u00ed como de sus di\u00e1sporas. Las pel\u00edculas deben haberse completado despu\u00e9s de <strong>enero de 2021<\/strong>.<\/p>\n\n\n\n<p><strong>Exhibici\u00f3n y selecci\u00f3n<\/strong><\/p>\n\n\n\n<p>Las pel\u00edculas seleccionadas se proyectar\u00e1n tanto en Santo Domingo como en comunidades perif\u00e9ricas, fomentando el acceso y la reflexi\u00f3n sobre las realidades caribe\u00f1as a trav\u00e9s del cine documental.&nbsp;<\/p>\n\n\n\n<p>La selecci\u00f3n estar\u00e1 a cargo de un comit\u00e9 curatorial que valorar\u00e1 la calidad narrativa, la originalidad y la relevancia tem\u00e1tica de las obras, asegurando una programaci\u00f3n diversa que representa las m\u00faltiples facetas de la regi\u00f3n.<\/p>\n\n\n\n<p><strong>Fechas claves<\/strong><\/p>\n\n\n\n<ul class=\"wp-block-list\">\n<li>Lanzamiento de la convocatoria: <strong>9 de noviembre de 2024<\/strong><\/li>\n\n\n\n<li>Cierre de convocatoria: <strong>8 de diciembre de 2024<\/strong><\/li>\n\n\n\n<li>Publicaci\u00f3n de proyectos seleccionados: <strong>15 de enero de 2025<\/strong><\/li>\n\n\n\n<li>Muestra Karibe: del <strong>6 al 9 de marzo de 2025<\/strong><\/li>\n<\/ul>\n\n\n\n<p><strong>Sobre la Muestra Karibe<\/strong><\/p>\n\n\n\n<p>La Muestra Karibe es una plataforma dedicada al cine de no ficci\u00f3n del Caribe, que propone una visi\u00f3n del Caribe desde el propio Caribe. El evento busca expandir y descentralizar el acceso al cine documental y contribuir a la formaci\u00f3n de una audiencia cr\u00edtica y comprometida con las realidades de la regi\u00f3n.<\/p>\n\n\n\n<p><strong>Equipo de trabajo<\/strong><\/p>\n\n\n\n<p>La Muestra Karibe est\u00e1 liderada por un equipo de destacadas profesionales del cine y la producci\u00f3n cultural:<\/p>\n\n\n\n<p><strong>Victoria Apolinario<\/strong> &#8211;<strong> Directora<\/strong><\/p>\n\n\n\n<p>Cineasta y gestora cultural con una larga trayectoria en el desarrollo de proyectos cinematogr\u00e1ficos. Su largometraje de no ficci\u00f3n \u00abMorena(s)\u00bb ha sido exhibido en festivales internacionales y galardonado en el New York Latino Film Festival y el Festival de Cine Dominicano, entre otros.<\/p>\n\n\n\n<p><strong>Lei Gonz\u00e1lez \u2013 Coordinadora<\/strong><\/p>\n\n\n\n<p>Productora y escritora afrocaribe\u00f1a, con amplia experiencia en la producci\u00f3n de cine y televisi\u00f3n. Ha sido finalista del Concurso de Cortometrajes de Sundance y su obra ha sido reconocida en festivales como Zinebi en San Sebasti\u00e1n y preseleccionada para los Premios Goya.<\/p>\n\n\n\n<p><strong>Luisa R. Gallo &#8211; Asistente de Coordinaci\u00f3n<\/strong><\/p>\n\n\n\n<p>Productora colombiana radicada en la Rep\u00fablica Dominicana, con experiencia en la producci\u00f3n de pel\u00edculas internacionales y documentales. Fundadora de Madreselva Servicios F\u00edlmicos, enfocada en contar historias que generan conciencia.<\/p>\n\n\n\n<p><strong>Johann\u00e9 G\u00f3mez &#8211; Curadora\/Programadora<\/strong><\/p>\n\n\n\n<p>Cineasta dominicana, conocida por su documental Caribbean Fantasy. Ha asesorado proyectos en m\u00faltiples laboratorios de cine y actualmente dirige el laboratorio MiradasAfro. Su m\u00e1s reciente trabajo, \u2018Sugar Island\u2019 [2024] tuvo su premier mundial en Giornate Degli Autori, del Festival de Venecia. Consulta,&nbsp; investiga y escribe en el campo de la no ficci\u00f3n.&nbsp;<\/p>\n\n\n\n<p><strong>Xenia Rivery &#8211; Equipo de selecci\u00f3n<\/strong><\/p>\n\n\n\n<p>Guionista y consultora cubana con experiencia como jefa de c\u00e1tedra de guion en la EICTV y en el Festival de Cine de La Habana. Es miembro fundador del colectivo Viceversa.<\/p>\n\n\n\n<p><strong>Rach\u00e8le Magloire &#8211; Equipo de selecci\u00f3n<\/strong><\/p>\n\n\n\n<p>Directora de documentales haitiana-canadiense, galardonada en el Festival Vues d&#8217;Afrique, con experiencia en la direcci\u00f3n de cine y reportajes en el Congo y Hait\u00ed.<\/p>\n\n\n\n<p><strong>Erika Santelices \u2013 Directora de Comunicaciones<\/strong><\/p>\n\n\n\n<p>Fot\u00f3grafa y documentalista con una destacada trayectoria en medios internacionales. Desde 2007 hasta 2023, trabaj\u00f3 como corresponsal de la Agencia Francesa de Prensa y recientemente culmin\u00f3 su primer documental,&nbsp;<em>El Fot\u00f3grafo de la 40<\/em>. Actualmente, est\u00e1 desarrollando su segundo documental,&nbsp;<em>Carne de ca\u00f1\u00f3n<\/em>.&nbsp;<\/p>\n\n\n\n<p><em>Para m\u00e1s informaci\u00f3n, visite nuestro sitio web <\/em><a href=\"https:\/\/muestrakaribe.com\/\"><em>https:\/\/muestrakaribe.com<\/em><\/a><em> o escr\u00edbanos a <\/em><a href=\"mailto:info@muestrakaribe.com\"><em>info@muestrakaribe.com<\/em><\/a><em> y nuestro instagram <\/em><a href=\"http:\/\/muestrakaribe\/\"><em>@muestrakaribe<\/em><\/a><em>.<\/em><\/p>\n\n\n\n<p><\/p>\n","protected":false},"excerpt":{"rendered":"<p>La Muestra Karibe lanza su convocatoria de cine de no ficci\u00f3n para el Caribe insular y sus di\u00e1sporas, destac\u00e1ndose como un punto de convergencia para narrativas documentales \u00fanicas.<\/p>\n","protected":false},"author":1,"featured_media":1210,"comment_status":"closed","ping_status":"open","sticky":false,"template":"","format":"standard","meta":{"saved_in_kubio":false,"footnotes":""},"categories":[26],"tags":[],"class_list":["post-1180","post","type-post","status-publish","format-standard","has-post-thumbnail","hentry","category-uncategorized-es"],"_links":{"self":[{"href":"https:\/\/muestrakaribe.com\/index.php\/wp-json\/wp\/v2\/posts\/1180","targetHints":{"allow":["GET"]}}],"collection":[{"href":"https:\/\/muestrakaribe.com\/index.php\/wp-json\/wp\/v2\/posts"}],"about":[{"href":"https:\/\/muestrakaribe.com\/index.php\/wp-json\/wp\/v2\/types\/post"}],"author":[{"embeddable":true,"href":"https:\/\/muestrakaribe.com\/index.php\/wp-json\/wp\/v2\/users\/1"}],"replies":[{"embeddable":true,"href":"https:\/\/muestrakaribe.com\/index.php\/wp-json\/wp\/v2\/comments?post=1180"}],"version-history":[{"count":8,"href":"https:\/\/muestrakaribe.com\/index.php\/wp-json\/wp\/v2\/posts\/1180\/revisions"}],"predecessor-version":[{"id":1209,"href":"https:\/\/muestrakaribe.com\/index.php\/wp-json\/wp\/v2\/posts\/1180\/revisions\/1209"}],"wp:featuredmedia":[{"embeddable":true,"href":"https:\/\/muestrakaribe.com\/index.php\/wp-json\/wp\/v2\/media\/1210"}],"wp:attachment":[{"href":"https:\/\/muestrakaribe.com\/index.php\/wp-json\/wp\/v2\/media?parent=1180"}],"wp:term":[{"taxonomy":"category","embeddable":true,"href":"https:\/\/muestrakaribe.com\/index.php\/wp-json\/wp\/v2\/categories?post=1180"},{"taxonomy":"post_tag","embeddable":true,"href":"https:\/\/muestrakaribe.com\/index.php\/wp-json\/wp\/v2\/tags?post=1180"}],"curies":[{"name":"wp","href":"https:\/\/api.w.org\/{rel}","templated":true}]}}